{"id":404,"date":"2014-03-20T16:40:49","date_gmt":"2014-03-20T15:40:49","guid":{"rendered":"http:\/\/biciplan.com\/blog\/?p=404"},"modified":"2024-01-16T13:09:18","modified_gmt":"2024-01-16T12:09:18","slug":"uso-del-casco-obligatorio-en-ciclistas-menores-de-16-anos","status":"publish","type":"post","link":"https:\/\/biciplan.com\/blog\/uncategorized\/uso-del-casco-obligatorio-en-ciclistas-menores-de-16-anos\/","title":{"rendered":"Uso del casco obligatorio en ciclistas menores de 16 a\u00f1os"},"content":{"rendered":"<p>Seg\u00fan hemos podido conocer hoy, tras varios meses de reuniones, propuestas, etc., se ha aprobado la <strong><a href=\"http:\/\/www.rtve.es\/noticias\/20140320\/luz-verde-final-reforma-ley-trafico\/901003.shtml\" target=\"_blank\" rel=\"noopener\">Ley sobre el uso del casco en ciclistas<\/a><\/strong>. Se trata de una propuesta de Ley que comenz\u00f3 con la recomendaci\u00f3n de que fuera obligatorio para todas las edades. Luego cambi\u00f3 para que fuera obligatorio para menores de 18 a\u00f1os y el mi\u00e9rcoles volvi\u00f3 a modificarse, a propuesta de CIU, para que el uso del caso sea obligatorio\u00a0en ciclistas menores de 16 a\u00f1os, aunque se recomienda que lo usen todos los ciclistas urbanos.<\/p>\n<p>Al principio, el Gobierno quer\u00eda que fuera obligatorio para todas las personas que van en bici por las v\u00edas urbanas. Seg\u00fan la \u00faltima modificaci\u00f3n introducida en el proyecto de Ley de Seguridad Vial, se ha aprobado que sea obligatorio para los menores de 16 a\u00f1os. Esta edad se ha visto modificada en 2 ocasiones m\u00e1s.<\/p>\n<p>El PP ha aceptado la propuesta de CIU despu\u00e9s de que la semana pasada el ministro del Interior, Jorge Fern\u00e1ndez D\u00edaz, hiciera una llamada al di\u00e1logo precisamente en este tema. El diputado de CIU, Jordi Jan\u00e9, ha explicado este nuevo cambio acordado en la reuni\u00f3n de la ponencia de dicha Ley. Seg\u00fan Jan\u00e9, la obligaci\u00f3n general habr\u00eda hecho que se disminuyera el uso de la bicicleta en v\u00edas urbanas. Adem\u00e1s, ha se\u00f1alado que la mayor\u00eda de los pa\u00edses de la Uni\u00f3n Europea no tienen el uso del casco obligatorio en v\u00edas urbanas.<\/p>\n<p>Tras dos meses de debate, escuchando la opini\u00f3n de representantes de asociaciones y expertos en la comisi\u00f3n, el PP ha reconsiderado su postura. La normativa se ha aprobado hoy mismo por el Congreso y \u00a0entrar\u00e1 en vigor un mes despu\u00e9s de su publicaci\u00f3n en el BOE. Por otro lado, los grupos del Congreso acuerdan modificar que sea siempre obligatorio en carretera.\u00a0Adem\u00e1s, seg\u00fan esta Ley, aquellos menores que no lleven casco se enfrentar\u00e1n a multas de hasta 200 euros. Pero al ser ni\u00f1os esas multas las tendr\u00e1n que pagar los padres, por eso es recomendable tener un\u00a0<a href=\"http:\/\/biciplan.com\/seguros-bicicletas\/\" target=\"_blank\" rel=\"noopener\">seguro de bicicletas<\/a>\u00a0que cubra estos gastos para no llevarnos sorpresas.<\/p>\n<p>Hay que entender que esta Ley es en beneficio de los ciclistas ya que, como sabemos, cada vez hay m\u00e1s muertos en accidentes. Por eso, os recordamos tambi\u00e9n la existencia de los <a href=\"http:\/\/biciplan.com\/seguros-ciclistas\/\" target=\"_blank\" rel=\"noopener\">seguros para ciclistas<\/a> que tienen coberturas especializadas para cada tipo de ciclista y bicicleta. Todo lo que sea velar por la seguridad de los ciclistas es importante que sea difundido.<\/p>\n","protected":false},"excerpt":{"rendered":"<p>Seg\u00fan hemos podido conocer hoy, tras varios meses de reuniones, propuestas, etc., se ha aprobado la Ley sobre el uso del casco en ciclistas. Se trata de una propuesta de Ley que comenz\u00f3 con la recomendaci\u00f3n de que fuera obligatorio para todas las edades. Luego cambi\u00f3 para que fuera obligatorio para menores de 18 a\u00f1os y el mi\u00e9rcoles volvi\u00f3 a modificarse, a propuesta de CIU, para que el uso del caso sea obligatorio\u00a0en ciclistas menores de 16 a\u00f1os, aunque se recomienda que lo usen todos los ciclistas urbanos. Al principio, el Gobierno quer\u00eda que fuera obligatorio para todas las personas que van en bici por las v\u00edas urbanas. Seg\u00fan la [&hellip;]<\/p>\n","protected":false},"author":1,"featured_media":0,"comment_status":"closed","ping_status":"open","sticky":false,"template":"","format":"standard","meta":{"footnotes":""},"categories":[13,27,4,1],"tags":[108,110,107,109,111],"class_list":["post-404","post","type-post","status-publish","format-standard","hentry","category-consejos-para-ciclistas","category-seguridad-2","category-seguros-de-bici","category-uncategorized","tag-casco","tag-gobierno","tag-ley","tag-obligatorio","tag-seguros"],"yoast_head":"<!-- This site is optimized with the Yoast SEO plugin v27.4 - https:\/\/yoast.com\/product\/yoast-seo-wordpress\/ -->\n<title>Uso del casco obligatorio en ciclistas menores de 16 a\u00f1os<\/title>\n<meta name=\"description\" content=\"El mi\u00e9rcoles volvi\u00f3 a modificarse, a propuesta de CIU, para que el uso del caso sea obligatorio en ciclistas menores de 16 a\u00f1os...\" \/>\n<meta name=\"robots\" content=\"index, follow, max-snippet:-1, max-image-preview:large, max-video-preview:-1\" \/>\n<link rel=\"canonical\" href=\"http:\/\/biciplan.com\/blog\/uncategorized\/uso-del-casco-obligatorio-en-ciclistas-menores-de-16-anos\/\" \/>\n<meta property=\"og:locale\" content=\"es_ES\" \/>\n<meta property=\"og:type\" content=\"article\" \/>\n<meta property=\"og:title\" content=\"Uso del casco obligatorio en ciclistas menores de 16 a\u00f1os\" \/>\n<meta property=\"og:description\" content=\"El mi\u00e9rcoles volvi\u00f3 a modificarse, a propuesta de CIU, para que el uso del caso sea obligatorio en ciclistas menores de 16 a\u00f1os...\" \/>\n<meta property=\"og:url\" content=\"http:\/\/biciplan.com\/blog\/uncategorized\/uso-del-casco-obligatorio-en-ciclistas-menores-de-16-anos\/\" \/>\n<meta property=\"og:site_name\" content=\"Biciplan\" \/>\n<meta property=\"article:published_time\" content=\"2014-03-20T15:40:49+00:00\" \/>\n<meta property=\"article:modified_time\" content=\"2024-01-16T12:09:18+00:00\" \/>\n<meta name=\"author\" content=\"admin\" \/>\n<meta name=\"twitter:label1\" content=\"Escrito por\" \/>\n\t<meta name=\"twitter:data1\" content=\"admin\" \/>\n\t<meta name=\"twitter:label2\" content=\"Tiempo de lectura\" \/>\n\t<meta name=\"twitter:data2\" content=\"3 minutos\" \/>\n<script type=\"application\/ld+json\" class=\"yoast-schema-graph\">{\"@context\":\"https:\\\/\\\/schema.org\",\"@graph\":[{\"@type\":\"Article\",\"@id\":\"http:\\\/\\\/biciplan.com\\\/blog\\\/uncategorized\\\/uso-del-casco-obligatorio-en-ciclistas-menores-de-16-anos\\\/#article\",\"isPartOf\":{\"@id\":\"http:\\\/\\\/biciplan.com\\\/blog\\\/uncategorized\\\/uso-del-casco-obligatorio-en-ciclistas-menores-de-16-anos\\\/\"},\"author\":{\"name\":\"admin\",\"@id\":\"http:\\\/\\\/biciplan.com\\\/blog\\\/#\\\/schema\\\/person\\\/0ef2aa625689ff8f591675da73656879\"},\"headline\":\"Uso del casco obligatorio en ciclistas menores de 16 a\u00f1os\",\"datePublished\":\"2014-03-20T15:40:49+00:00\",\"dateModified\":\"2024-01-16T12:09:18+00:00\",\"mainEntityOfPage\":{\"@id\":\"http:\\\/\\\/biciplan.com\\\/blog\\\/uncategorized\\\/uso-del-casco-obligatorio-en-ciclistas-menores-de-16-anos\\\/\"},\"wordCount\":448,\"keywords\":[\"casco\",\"Gobierno\",\"Ley\",\"obligatorio\",\"seguros\"],\"articleSection\":[\"Consejos para ciclistas\",\"Seguridad\",\"Seguros de Bici\",\"Uncategorized\"],\"inLanguage\":\"es\"},{\"@type\":\"WebPage\",\"@id\":\"http:\\\/\\\/biciplan.com\\\/blog\\\/uncategorized\\\/uso-del-casco-obligatorio-en-ciclistas-menores-de-16-anos\\\/\",\"url\":\"http:\\\/\\\/biciplan.com\\\/blog\\\/uncategorized\\\/uso-del-casco-obligatorio-en-ciclistas-menores-de-16-anos\\\/\",\"name\":\"Uso del casco obligatorio en ciclistas menores de 16 a\u00f1os\",\"isPartOf\":{\"@id\":\"http:\\\/\\\/biciplan.com\\\/blog\\\/#website\"},\"datePublished\":\"2014-03-20T15:40:49+00:00\",\"dateModified\":\"2024-01-16T12:09:18+00:00\",\"author\":{\"@id\":\"http:\\\/\\\/biciplan.com\\\/blog\\\/#\\\/schema\\\/person\\\/0ef2aa625689ff8f591675da73656879\"},\"description\":\"El mi\u00e9rcoles volvi\u00f3 a modificarse, a propuesta de CIU, para que el uso del caso sea obligatorio en ciclistas menores de 16 a\u00f1os...\",\"inLanguage\":\"es\",\"potentialAction\":[{\"@type\":\"ReadAction\",\"target\":[\"http:\\\/\\\/biciplan.com\\\/blog\\\/uncategorized\\\/uso-del-casco-obligatorio-en-ciclistas-menores-de-16-anos\\\/\"]}]},{\"@type\":\"WebSite\",\"@id\":\"http:\\\/\\\/biciplan.com\\\/blog\\\/#website\",\"url\":\"http:\\\/\\\/biciplan.com\\\/blog\\\/\",\"name\":\"Biciplan\",\"description\":\"Seguros de Bicicletas - Comparador de seguros biciplan.com\",\"potentialAction\":[{\"@type\":\"SearchAction\",\"target\":{\"@type\":\"EntryPoint\",\"urlTemplate\":\"http:\\\/\\\/biciplan.com\\\/blog\\\/?s={search_term_string}\"},\"query-input\":{\"@type\":\"PropertyValueSpecification\",\"valueRequired\":true,\"valueName\":\"search_term_string\"}}],\"inLanguage\":\"es\"},{\"@type\":\"Person\",\"@id\":\"http:\\\/\\\/biciplan.com\\\/blog\\\/#\\\/schema\\\/person\\\/0ef2aa625689ff8f591675da73656879\",\"name\":\"admin\",\"image\":{\"@type\":\"ImageObject\",\"inLanguage\":\"es\",\"@id\":\"https:\\\/\\\/secure.gravatar.com\\\/avatar\\\/be5e25687f0cf67cea50f8a803eff1e4cd93cd71247d116c261a83f7b094256c?s=96&d=mm&r=g\",\"url\":\"https:\\\/\\\/secure.gravatar.com\\\/avatar\\\/be5e25687f0cf67cea50f8a803eff1e4cd93cd71247d116c261a83f7b094256c?s=96&d=mm&r=g\",\"contentUrl\":\"https:\\\/\\\/secure.gravatar.com\\\/avatar\\\/be5e25687f0cf67cea50f8a803eff1e4cd93cd71247d116c261a83f7b094256c?s=96&d=mm&r=g\",\"caption\":\"admin\"},\"url\":\"https:\\\/\\\/biciplan.com\\\/blog\\\/author\\\/admin\\\/\"}]}<\/script>\n<!-- \/ Yoast SEO plugin. -->","yoast_head_json":{"title":"Uso del casco obligatorio en ciclistas menores de 16 a\u00f1os","description":"El mi\u00e9rcoles volvi\u00f3 a modificarse, a propuesta de CIU, para que el uso del caso sea obligatorio en ciclistas menores de 16 a\u00f1os...","robots":{"index":"index","follow":"follow","max-snippet":"max-snippet:-1","max-image-preview":"max-image-preview:large","max-video-preview":"max-video-preview:-1"},"canonical":"http:\/\/biciplan.com\/blog\/uncategorized\/uso-del-casco-obligatorio-en-ciclistas-menores-de-16-anos\/","og_locale":"es_ES","og_type":"article","og_title":"Uso del casco obligatorio en ciclistas menores de 16 a\u00f1os","og_description":"El mi\u00e9rcoles volvi\u00f3 a modificarse, a propuesta de CIU, para que el uso del caso sea obligatorio en ciclistas menores de 16 a\u00f1os...","og_url":"http:\/\/biciplan.com\/blog\/uncategorized\/uso-del-casco-obligatorio-en-ciclistas-menores-de-16-anos\/","og_site_name":"Biciplan","article_published_time":"2014-03-20T15:40:49+00:00","article_modified_time":"2024-01-16T12:09:18+00:00","author":"admin","twitter_misc":{"Escrito por":"admin","Tiempo de lectura":"3 minutos"},"schema":{"@context":"https:\/\/schema.org","@graph":[{"@type":"Article","@id":"http:\/\/biciplan.com\/blog\/uncategorized\/uso-del-casco-obligatorio-en-ciclistas-menores-de-16-anos\/#article","isPartOf":{"@id":"http:\/\/biciplan.com\/blog\/uncategorized\/uso-del-casco-obligatorio-en-ciclistas-menores-de-16-anos\/"},"author":{"name":"admin","@id":"http:\/\/biciplan.com\/blog\/#\/schema\/person\/0ef2aa625689ff8f591675da73656879"},"headline":"Uso del casco obligatorio en ciclistas menores de 16 a\u00f1os","datePublished":"2014-03-20T15:40:49+00:00","dateModified":"2024-01-16T12:09:18+00:00","mainEntityOfPage":{"@id":"http:\/\/biciplan.com\/blog\/uncategorized\/uso-del-casco-obligatorio-en-ciclistas-menores-de-16-anos\/"},"wordCount":448,"keywords":["casco","Gobierno","Ley","obligatorio","seguros"],"articleSection":["Consejos para ciclistas","Seguridad","Seguros de Bici","Uncategorized"],"inLanguage":"es"},{"@type":"WebPage","@id":"http:\/\/biciplan.com\/blog\/uncategorized\/uso-del-casco-obligatorio-en-ciclistas-menores-de-16-anos\/","url":"http:\/\/biciplan.com\/blog\/uncategorized\/uso-del-casco-obligatorio-en-ciclistas-menores-de-16-anos\/","name":"Uso del casco obligatorio en ciclistas menores de 16 a\u00f1os","isPartOf":{"@id":"http:\/\/biciplan.com\/blog\/#website"},"datePublished":"2014-03-20T15:40:49+00:00","dateModified":"2024-01-16T12:09:18+00:00","author":{"@id":"http:\/\/biciplan.com\/blog\/#\/schema\/person\/0ef2aa625689ff8f591675da73656879"},"description":"El mi\u00e9rcoles volvi\u00f3 a modificarse, a propuesta de CIU, para que el uso del caso sea obligatorio en ciclistas menores de 16 a\u00f1os...","inLanguage":"es","potentialAction":[{"@type":"ReadAction","target":["http:\/\/biciplan.com\/blog\/uncategorized\/uso-del-casco-obligatorio-en-ciclistas-menores-de-16-anos\/"]}]},{"@type":"WebSite","@id":"http:\/\/biciplan.com\/blog\/#website","url":"http:\/\/biciplan.com\/blog\/","name":"Biciplan","description":"Seguros de Bicicletas - Comparador de seguros biciplan.com","potentialAction":[{"@type":"SearchAction","target":{"@type":"EntryPoint","urlTemplate":"http:\/\/biciplan.com\/blog\/?s={search_term_string}"},"query-input":{"@type":"PropertyValueSpecification","valueRequired":true,"valueName":"search_term_string"}}],"inLanguage":"es"},{"@type":"Person","@id":"http:\/\/biciplan.com\/blog\/#\/schema\/person\/0ef2aa625689ff8f591675da73656879","name":"admin","image":{"@type":"ImageObject","inLanguage":"es","@id":"https:\/\/secure.gravatar.com\/avatar\/be5e25687f0cf67cea50f8a803eff1e4cd93cd71247d116c261a83f7b094256c?s=96&d=mm&r=g","url":"https:\/\/secure.gravatar.com\/avatar\/be5e25687f0cf67cea50f8a803eff1e4cd93cd71247d116c261a83f7b094256c?s=96&d=mm&r=g","contentUrl":"https:\/\/secure.gravatar.com\/avatar\/be5e25687f0cf67cea50f8a803eff1e4cd93cd71247d116c261a83f7b094256c?s=96&d=mm&r=g","caption":"admin"},"url":"https:\/\/biciplan.com\/blog\/author\/admin\/"}]}},"jetpack_featured_media_url":"","_links":{"self":[{"href":"https:\/\/biciplan.com\/blog\/wp-json\/wp\/v2\/posts\/404","targetHints":{"allow":["GET"]}}],"collection":[{"href":"https:\/\/biciplan.com\/blog\/wp-json\/wp\/v2\/posts"}],"about":[{"href":"https:\/\/biciplan.com\/blog\/wp-json\/wp\/v2\/types\/post"}],"author":[{"embeddable":true,"href":"https:\/\/biciplan.com\/blog\/wp-json\/wp\/v2\/users\/1"}],"replies":[{"embeddable":true,"href":"https:\/\/biciplan.com\/blog\/wp-json\/wp\/v2\/comments?post=404"}],"version-history":[{"count":3,"href":"https:\/\/biciplan.com\/blog\/wp-json\/wp\/v2\/posts\/404\/revisions"}],"predecessor-version":[{"id":2278,"href":"https:\/\/biciplan.com\/blog\/wp-json\/wp\/v2\/posts\/404\/revisions\/2278"}],"wp:attachment":[{"href":"https:\/\/biciplan.com\/blog\/wp-json\/wp\/v2\/media?parent=404"}],"wp:term":[{"taxonomy":"category","embeddable":true,"href":"https:\/\/biciplan.com\/blog\/wp-json\/wp\/v2\/categories?post=404"},{"taxonomy":"post_tag","embeddable":true,"href":"https:\/\/biciplan.com\/blog\/wp-json\/wp\/v2\/tags?post=404"}],"curies":[{"name":"wp","href":"https:\/\/api.w.org\/{rel}","templated":true}]}}